{"id":130,"date":"2022-10-24T21:24:02","date_gmt":"2022-10-24T19:24:02","guid":{"rendered":"https:\/\/wiener.ch\/thorgevsky-wiener\/?p=130"},"modified":"2023-07-07T12:42:45","modified_gmt":"2023-07-07T10:42:45","slug":"geruechte-und-andere-wahrheiten","status":"publish","type":"post","link":"https:\/\/wiener.ch\/thorgevsky-wiener\/2022\/10\/24\/geruechte-und-andere-wahrheiten\/","title":{"rendered":"Ger\u00fcchte und andere Wahrheiten"},"content":{"rendered":"\n<figure class=\"wp-block-image size-large\"><img loading=\"lazy\" decoding=\"async\" width=\"715\" height=\"1024\" src=\"https:\/\/wiener.ch\/thorgevsky-wiener\/wp-content\/uploads\/sites\/5\/2022\/10\/Dan-Autor-715x1024.jpg\" alt=\"\" class=\"wp-image-131\" srcset=\"https:\/\/wiener.ch\/thorgevsky-wiener\/wp-content\/uploads\/sites\/5\/2022\/10\/Dan-Autor-715x1024.jpg 715w, https:\/\/wiener.ch\/thorgevsky-wiener\/wp-content\/uploads\/sites\/5\/2022\/10\/Dan-Autor-209x300.jpg 209w, https:\/\/wiener.ch\/thorgevsky-wiener\/wp-content\/uploads\/sites\/5\/2022\/10\/Dan-Autor-768x1100.jpg 768w, https:\/\/wiener.ch\/thorgevsky-wiener\/wp-content\/uploads\/sites\/5\/2022\/10\/Dan-Autor-1072x1536.jpg 1072w, https:\/\/wiener.ch\/thorgevsky-wiener\/wp-content\/uploads\/sites\/5\/2022\/10\/Dan-Autor.jpg 1333w\" sizes=\"auto, (max-width: 715px) 100vw, 715px\" \/><figcaption class=\"wp-element-caption\">Foto: Alexander Preobrajenskij<\/figcaption><\/figure>\n\n\n\n<p>Dan Wiener&nbsp;bringt seine Zuh\u00f6rer mit seinen teils literarisch poetischen, teils hinterr\u00fccks \u00fcberraschenden Alltags- Geschichten zum Lachen und Nachdenken. Seine Fabulierkunst, die er bereits in seinen B\u00fcchern f\u00fcr Kinder auslebt, spielt auch in seinen Texten f\u00fcr \u201eErwachsene\u201c eine gro\u00dfe Rolle. Zudem hat der Schauspieler und Musiker offensichtlich gro\u00dfen Spa\u00df am Geschichten erz\u00e4hlen, sei es in Wort- oder Liedform. Vor langer Zeit einmal Preistr\u00e4gerdes Salzburger Stiers, passen trotzdem die Etiketts Kabarett oder Poetry Slam etwa so gut auf Dan Wiener, wie eine Hundemarke auf einen Pinguin.<\/p>\n\n\n\n<p>8. Februar 2019 im Theater Freiburg, Passage 46<\/p>\n","protected":false},"excerpt":{"rendered":"<p>Dan Wiener&nbsp;bringt seine Zuh\u00f6rer mit seinen teils literarisch poetischen, teils hinterr\u00fccks \u00fcberraschenden Alltags- Geschichten zum Lachen und Nachdenken. Seine Fabulierkunst, die er bereits in seinen B\u00fcchern f\u00fcr Kinder auslebt, spielt auch in seinen Texten f\u00fcr \u201eErwachsene\u201c eine gro\u00dfe Rolle. Zudem hat der Schauspieler und Musiker offensichtlich gro\u00dfen Spa\u00df am Geschichten erz\u00e4hlen, sei es in Wort- [&hellip;]<\/p>\n","protected":false},"author":3,"featured_media":0,"comment_status":"closed","ping_status":"closed","sticky":false,"template":"","format":"standard","meta":{"footnotes":""},"categories":[1],"tags":[],"class_list":["post-130","post","type-post","status-publish","format-standard","hentry","category-allgemein"],"_links":{"self":[{"href":"https:\/\/wiener.ch\/thorgevsky-wiener\/wp-json\/wp\/v2\/posts\/130","targetHints":{"allow":["GET"]}}],"collection":[{"href":"https:\/\/wiener.ch\/thorgevsky-wiener\/wp-json\/wp\/v2\/posts"}],"about":[{"href":"https:\/\/wiener.ch\/thorgevsky-wiener\/wp-json\/wp\/v2\/types\/post"}],"author":[{"embeddable":true,"href":"https:\/\/wiener.ch\/thorgevsky-wiener\/wp-json\/wp\/v2\/users\/3"}],"replies":[{"embeddable":true,"href":"https:\/\/wiener.ch\/thorgevsky-wiener\/wp-json\/wp\/v2\/comments?post=130"}],"version-history":[{"count":3,"href":"https:\/\/wiener.ch\/thorgevsky-wiener\/wp-json\/wp\/v2\/posts\/130\/revisions"}],"predecessor-version":[{"id":195,"href":"https:\/\/wiener.ch\/thorgevsky-wiener\/wp-json\/wp\/v2\/posts\/130\/revisions\/195"}],"wp:attachment":[{"href":"https:\/\/wiener.ch\/thorgevsky-wiener\/wp-json\/wp\/v2\/media?parent=130"}],"wp:term":[{"taxonomy":"category","embeddable":true,"href":"https:\/\/wiener.ch\/thorgevsky-wiener\/wp-json\/wp\/v2\/categories?post=130"},{"taxonomy":"post_tag","embeddable":true,"href":"https:\/\/wiener.ch\/thorgevsky-wiener\/wp-json\/wp\/v2\/tags?post=130"}],"curies":[{"name":"wp","href":"https:\/\/api.w.org\/{rel}","templated":true}]}}